{"id":2825,"date":"2023-02-26T02:02:17","date_gmt":"2023-02-26T02:02:17","guid":{"rendered":"https:\/\/jybe.fr\/?p=2825"},"modified":"2023-03-19T08:53:03","modified_gmt":"2023-03-19T08:53:03","slug":"uligan-maldives-escale-entre-le-blanc-pur-du-sable-fin-et-le-cyan-du-lagon-corallien","status":"publish","type":"post","link":"https:\/\/jybe.fr\/en\/uligan-maldives-escale-entre-le-blanc-pur-du-sable-fin-et-le-cyan-du-lagon-corallien\/","title":{"rendered":"Uligan (Maldives) : Escale entre le blanc pur du sable fin et le cyan du lagon corallien"},"content":{"rendered":"<div class=\"postie-post\">Comme je vous l\u2019ai \u00e9crit dans le pr\u00e9c\u00e9dent hebdo, nous voil\u00e0 arriv\u00e9s en cette fin de journ\u00e9e du 14 juillet sur l\u2019\u00eele d\u2019Uligan. Ce soir, nous avons partag\u00e9 un repas chez notre agent Asad ayant \u00e9galement convi\u00e9 un couple de navigateurs Hollandais tout juste arriv\u00e9s.<\/p>\n<p>Sur place, nous avons d\u00e9barqu\u00e9 sans trop savoir ce que nous allions faire. Nous avions imagin\u00e9 notre pr\u00e9sence encore n\u00e9cessaire pour finaliser les papiers d\u2019immigration. Seulement, nous avons finalement pu d\u00e9couvrir une table o\u00f9 le couvert \u00e9tait install\u00e9. Asad nous invita alors \u00e0 nous installer \u00e0 sa table.<\/p>\n<p>Il est difficile de d\u00e9crire l\u2019intensit\u00e9 de ce moment de joie. Quelques heures auparavant, apr\u00e8s 17 jours de mer, pouvoir profiter d\u2019un moment de convivialit\u00e9 autour d\u2019un bon repas relevait du fantasme. Mais \u00e0 cet instant : nous y sommes. Nous y avons d\u00e9gust\u00e9 diff\u00e9rentes pr\u00e9parations succulentes et bu un bon th\u00e9 chaud bien sucr\u00e9.<\/p>\n<p>Peu avant ce repas, avant m\u00eame d\u2019entrer dans la salle \u00e0 manger, nous avions fait les pr\u00e9sentations avec Kimo. Un am\u00e9ricain install\u00e9 temporairement dans la maison d\u2019Asad. Nous avons ensuite pu partager ce d\u00eener \u00e0 7 avec le couple d\u2019Hollandais, Kimo, Asad et l\u2019\u00e9quipage du valeureux Noddi.<\/p>\n<p>Tr\u00e8s rapidement les discussions ont pu jouer au ping-pong entre anecdotes de voyage et sujets environnementaux. Nous apprenions alors que Kimo venait de convoyer (avec un \u00e9quipage) le bateau \u00ab&nbsp;Jean-Marie&nbsp;\u00bb d\u2019Abu Dhabi jusqu\u2019aux Maldives.<\/p>\n<p>Nous avons alors rencontr\u00e9 un homme tr\u00e8s int\u00e9ressant. Kimo et ses larges r\u00e9f\u00e9rences et nombreuses histoires passionnantes en raison de son parcours de vie \u00e9clectique. Sa carri\u00e8re aux Nations Unies a pu lui permettre d\u2019\u00e9norm\u00e9ment voyager et il regorge ainsi de bon nombre d\u2019histoires captivantes.<\/p>\n<p>Notre premi\u00e8re d\u00e9couverte sur cette petite \u00eele de quelques kilom\u00e8tres de long : c\u2019est le blanc \u00e9clatant du sable servant de rev\u00eatement \u00e0 l\u2019ensemble des routes et chemins de l\u2019\u00eele. Ce sable accentue le contraste avec la couleur idyllique de l\u2019eau remplie de r\u00e9cifs coralliens. D\u2019ailleurs les habitations sont pour la plupart construites avec des petits blocs coralliens. Elles sont ainsi toutes blanches, splendides.<\/p>\n<p>D\u00e8s le lendemain nous avions voulu nous baigner pour d\u00e9couvrir de plus pr\u00e8s la splendeur de cet environnement maritime exceptionnel. Apr\u00e8s quelques minutes de marche en direction d\u2019une plage (qu\u2019un habitant nous a conseill\u00e9) nous avons d\u00e9couvert : le r\u00eave. Une eau turquoise \u00e0 28\u00b0C dont la visibilit\u00e9 ne pose aucun probl\u00e8me \u00e0 l\u2019observation des milliers de poissons qui habitent ces fonds marins. Nous y avons pass\u00e9 la matin\u00e9e. Et nous somme rest\u00e9s \u00e9bahis.<\/p>\n<p>Au moment de se restaurer peu de choix s\u2019offre \u00e0 vous. \u00c0 vrai dire : une seule option.<br \/>\nL\u2019unique \u00e9tablissement est tenu par un habitant d\u2019Uligan. Avec quelques tables en plastique les pieds dans le sable. On vous y propose un menu tout aussi simple : poulet avec soit du riz soit des nouilles (en insistant un peu, il est possible de remplacer le poulet par du thon en bo\u00eete !). Le tout toujours accompagn\u00e9 de tranches de tomates et de carottes ainsi que d\u2019une corbeille compos\u00e9e de gros chips faisant office de pain. Le petit twist de cet \u00e9tablissement : les milkshakes toujours appr\u00e9ci\u00e9s sous le soleil \u00e9crasant des Maldives.<\/p>\n<p>C\u00f4t\u00e9 tarif, c\u2019est un peu la bourse : \u00e7a \u00e9volue. Nous n\u2019avons jamais pay\u00e9 la m\u00eame somme, constatant tout de m\u00eame une tendance \u00e0 l\u2019inflation au fil des jours.<\/p>\n<p>Et pour bien terminer nos repas, nous partions quotidiennement, tel un rituel, dans l\u2019une des 3 \u00e9piceries de l\u2019\u00eele pour s\u2019acheter des glaces. La belle vie !<\/p>\n<p>D\u2019ailleurs, ici, il n\u2019y a pas de distributeur de billets. Il faut se rendre sur une autre \u00eele pour pouvoir retirer. Heureusement un ferry existe. Sinon il est possible de r\u00e9gler en dollars. De notre c\u00f4t\u00e9 nous avions d\u00e9cid\u00e9 de garder nos dollars pour le Canal de Suez et d\u2019inscrire nos achats sur une note. Asad se chargea ensuite de nous \u00e9diter une facture r\u00e9glable en CB \u00e0 la fin de notre s\u00e9jour.<\/p>\n<p>Au petit matin, Kimo nous avait envoy\u00e9 un message pour nous proposer un ramassage de d\u00e9chets sur l\u2019une des magnifiques plages de l\u2019\u00eele. Nous avons bien \u00e9videmment accept\u00e9 son invitation et avec l\u2019aide de son capitaine, nous avons tous ensemble entam\u00e9 un bon nettoyage ! Nous avons constat\u00e9 de nombreux emballages de nouilles, des centaines bouteilles en plastique, du polystyr\u00e8ne et des sauces dans des emballages en aluminium qui accompagnaient g\u00e9n\u00e9ralement les nouilles.<\/p>\n<p>Apr\u00e8s avoir finalis\u00e9 ce ramassage de d\u00e9chets, Asad se chargea de r\u00e9cup\u00e9rer les sacs remplis. L\u2019occasion pour nous d\u2019aller nous restaurer dans le meilleur restaurant de l\u2019\u00eele ! Lors de ce repas, Kimo \u00e9voquera des \u00e9oliennes qui ont \u00e9t\u00e9 install\u00e9es \u00e0 Uligan par une ONG il y a quelques ann\u00e9es.<\/p>\n<p>Excellente initiative pour r\u00e9duire la d\u00e9pendance aux \u00e9nergies fossiles. Cependant, il y a un probl\u00e8me : aucune d\u2019entre elles est aujourd\u2019hui en \u00e9tat de marche. Les habitants lui ont racont\u00e9 qu\u2019apr\u00e8s l\u2019installation des \u00e9oliennes, ils n\u2019ont pas \u00e9t\u00e9 form\u00e9s \u00e0 leur maintenance. R\u00e9sultat : les \u00e9oliennes font office de poteaux inutiles sur cette \u00eele au milieu de l\u2019oc\u00e9an Indien o\u00f9 ils pourraient pourtant fournir une source d\u2019\u00e9nergie moins carbon\u00e9e en rapport au diesel majoritairement utilis\u00e9. Kimo nous a demand\u00e9 si nous pouvions lui prendre quelques images a\u00e9riennes de ces \u00e9oliennes sans vie avec notre drone.<\/p>\n<p>Quelques jours suivants, Emilien et L\u00e9o se sont offerts une activit\u00e9 m\u00e9morable : une plong\u00e9e \u00e0 deux pour aller \u00e0 la rencontre des raies manta et des requins. Ils n\u2019ont pas \u00e9t\u00e9 d\u00e9\u00e7us et auront pu observer des raies splendides allant jusqu\u2019\u00e0 3 m\u00e8tres d\u2019envergure.<\/p>\n<p>Mais cette escale, bien qu\u2019extraordinaire, arriva rapidement \u00e0 son bout. Arriv\u00e9s le 31 janvier, nous partions le 08 f\u00e9vrier en direction du Canal de Suez.<\/p>\n<p>Apr\u00e8s avoir lev\u00e9 l\u2019ancre, nous hissions les voiles avec chacun en t\u00eate le souvenir imp\u00e9rissable de l\u2019extr\u00eame beaut\u00e9 de cette nature isol\u00e9e.<\/p>\n<p>Pour le moment, il faudra vous contenter de ces quelques mots. Mais bient\u00f4t, je vous partagerai les clich\u00e9s de cette escale \u00ab&nbsp;spectaculaire&nbsp;\u00bb.<\/p>\n<p>Pour les plus impatients d\u2019entre-vous : retrouvez deux \u00ab&nbsp;r\u00e9els&nbsp;\u00bb sur notre compte Instagram @jybemedia o\u00f9 vous pourrez d\u00e9couvrir : les fonds marins et le mouillage d\u2019exception de notre voilier Noddi.<\/p>\n<p>Dans quelques temps nous rejoindrons l\u2019\u00c9gypte et nous d\u00e9buterons nos recherches sur l\u2019ultime th\u00e9matique de ce voyage : l\u2019habitat durable en M\u00e9diterran\u00e9e.<\/p>\n<p>Lucas : \u00ab&nbsp;J\u2019\u00e9cris ces lignes \u00e0 bord de Noddi \u00e0 l\u2019entr\u00e9e du Golfe d\u2019Aden \u00e0 quelques nautiques de Socotra. Je vous donne rendez-vous dimanche 5 mars pour la suite de l\u2019exp\u00e9dition en mer rouge !&nbsp;\u00bb<\/p>\n<\/div>","protected":false},"excerpt":{"rendered":"<p>Comme je vous l\u2019ai \u00e9crit dans le pr\u00e9c\u00e9dent hebdo, nous voil\u00e0 arriv\u00e9s en cette fin de journ\u00e9e du 14 juillet sur l\u2019\u00eele d\u2019Uligan. Ce soir, nous avons partag\u00e9 un repas chez notre agent Asad ayant \u00e9galement convi\u00e9 un couple de navigateurs Hollandais tout juste arriv\u00e9s. Sur place, nous avons d\u00e9barqu\u00e9 sans trop savoir ce que [&hellip;]<\/p>","protected":false},"author":1,"featured_media":2830,"comment_status":"open","ping_status":"open","sticky":false,"template":"","format":"standard","meta":{"inline_featured_image":false,"footnotes":""},"categories":[80],"tags":[],"class_list":["post-2825","post","type-post","status-publish","format-standard","has-post-thumbnail","hentry","category-carnet-expedition","blog-item","isotope-item"],"aioseo_notices":[],"_links":{"self":[{"href":"https:\/\/jybe.fr\/en\/wp-json\/wp\/v2\/posts\/2825","targetHints":{"allow":["GET"]}}],"collection":[{"href":"https:\/\/jybe.fr\/en\/wp-json\/wp\/v2\/posts"}],"about":[{"href":"https:\/\/jybe.fr\/en\/wp-json\/wp\/v2\/types\/post"}],"author":[{"embeddable":true,"href":"https:\/\/jybe.fr\/en\/wp-json\/wp\/v2\/users\/1"}],"replies":[{"embeddable":true,"href":"https:\/\/jybe.fr\/en\/wp-json\/wp\/v2\/comments?post=2825"}],"version-history":[{"count":1,"href":"https:\/\/jybe.fr\/en\/wp-json\/wp\/v2\/posts\/2825\/revisions"}],"predecessor-version":[{"id":2831,"href":"https:\/\/jybe.fr\/en\/wp-json\/wp\/v2\/posts\/2825\/revisions\/2831"}],"wp:featuredmedia":[{"embeddable":true,"href":"https:\/\/jybe.fr\/en\/wp-json\/wp\/v2\/media\/2830"}],"wp:attachment":[{"href":"https:\/\/jybe.fr\/en\/wp-json\/wp\/v2\/media?parent=2825"}],"wp:term":[{"taxonomy":"category","embeddable":true,"href":"https:\/\/jybe.fr\/en\/wp-json\/wp\/v2\/categories?post=2825"},{"taxonomy":"post_tag","embeddable":true,"href":"https:\/\/jybe.fr\/en\/wp-json\/wp\/v2\/tags?post=2825"}],"curies":[{"name":"wp","href":"https:\/\/api.w.org\/{rel}","templated":true}]}}