{"id":1240,"date":"2022-01-07T22:42:12","date_gmt":"2022-01-07T22:42:12","guid":{"rendered":"https:\/\/jybe.fr\/?p=1240"},"modified":"2022-01-17T21:27:30","modified_gmt":"2022-01-17T21:27:30","slug":"la-biodiversite-de-locean-a-la-cite","status":"publish","type":"post","link":"https:\/\/jybe.fr\/en\/la-biodiversite-de-locean-a-la-cite\/","title":{"rendered":"La biodiversit\u00e9, de l&#8217;oc\u00e9an \u00e0 la cit\u00e9"},"content":{"rendered":"<h3 class=\"wp-block-heading\">Auteurs : Gilles Boeuf<\/h3>\n\n\n\n<p class=\"has-drop-cap\">La biodiversit\u00e9 est n\u00e9e dans l\u2019oc\u00e9an ancestral il y a 3850 millions d\u2019ann\u00e9es, quand les premi\u00e8res cellules se sont clon\u00e9es par scissiparit\u00e9. La vie s\u2019est ensuite diversifi\u00e9e dans l\u2019oc\u00e9an durant des milliards et des centaines de millions d\u2019ann\u00e9es, et se sont alors produits des \u00e9v\u00e9nements essentiels pour le vivant : l\u2019\u00e9mergence de la cellule eucaryote, la capture de bact\u00e9ries qui deviendront les organites par symbiose, la pluricellularit\u00e9, enfin le d\u00e9veloppement de la sexualit\u00e9. <\/p>\n\n\n\n<p>Bien plus qu\u2019un inventaire d\u2019esp\u00e8ces \u00e9labor\u00e9 depuis plusieurs si\u00e8cles, la biodiversit\u00e9 est l\u2019ensemble des relations \u00e9tablies entre les \u00eatres vivants et leur environnement. Elle est actuellement tr\u00e8s menac\u00e9e par la destruction et la contamination des milieux naturels, la surexploitation des ressources naturelles, l\u2019introduction anarchique d\u2019esp\u00e8ces et le r\u00e9chauffement climatique. Nous ne faisons aujourd\u2019hui que prolonger et acc\u00e9l\u00e9rer ce mouvement, amplifi\u00e9 par la d\u00e9mographie et l\u2019id\u00e9e d\u00e9l\u00e9t\u00e8re d\u2019asservissement de la nature. <\/p>\n\n\n\n<p>Alors qu\u2019aujourd\u2019hui l\u2019humanit\u00e9 vit majoritairement dans les cit\u00e9s, il devient imp\u00e9ratif d\u2019enrayer cette \u00e9rosion de la diversit\u00e9 biologique : c\u2019est l\u2019objectif que s\u2019\u00e9taient fix\u00e9 les Nations unies pour 2010 \u00e0 Johannesburg en 2002, \u00e9ch\u00e9ance d\u00e9sormais report\u00e9e \u00e0 2020. Saurons-nous pleinement justifier, enfin m\u00e9riter au cours de ce XXIe si\u00e8cle, ce terme sapiens que nous nous sommes nous-m\u00eames attribu\u00e9 ?<\/p>\n\n\n\n<div style=\"height:25px\" aria-hidden=\"true\" class=\"wp-block-spacer\"><\/div>\n\n\n\n<div class=\"wp-block-buttons is-content-justification-center is-layout-flex wp-block-buttons-is-layout-flex\">\n<div class=\"wp-block-button is-style-outline is-style-outline--1\"><a class=\"wp-block-button__link\" href=\"https:\/\/www.awin1.com\/cread.php?awinmid=12665&amp;awinaffid=1001389&amp;ued=https%3A%2F%2Flivre.fnac.com%2Fa6726432%2FGilles-Boeuf-La-biodiversite-de-l-ocean-a-la-cite\" target=\"_blank\" rel=\"noreferrer noopener\">Me procurer cet ouvrage<\/a><\/div>\n<\/div>\n\n\n\n<div style=\"height:55px\" aria-hidden=\"true\" class=\"wp-block-spacer\"><\/div>\n\n\n\n<p><\/p>","protected":false},"excerpt":{"rendered":"<p>Auteurs : Gilles Boeuf La biodiversit\u00e9 est n\u00e9e dans l\u2019oc\u00e9an ancestral il y a 3850 millions d\u2019ann\u00e9es, quand les premi\u00e8res cellules se sont clon\u00e9es par scissiparit\u00e9. La vie s\u2019est ensuite diversifi\u00e9e dans l\u2019oc\u00e9an durant des milliards et des centaines de millions d\u2019ann\u00e9es, et se sont alors produits des \u00e9v\u00e9nements essentiels pour le vivant : l\u2019\u00e9mergence [&hellip;]<\/p>","protected":false},"author":1,"featured_media":1241,"comment_status":"open","ping_status":"open","sticky":false,"template":"","format":"standard","meta":{"inline_featured_image":false,"footnotes":""},"categories":[70,68],"tags":[],"class_list":["post-1240","post","type-post","status-publish","format-standard","has-post-thumbnail","hentry","category-environnement","category-livres","blog-item","isotope-item"],"aioseo_notices":[],"_links":{"self":[{"href":"https:\/\/jybe.fr\/en\/wp-json\/wp\/v2\/posts\/1240","targetHints":{"allow":["GET"]}}],"collection":[{"href":"https:\/\/jybe.fr\/en\/wp-json\/wp\/v2\/posts"}],"about":[{"href":"https:\/\/jybe.fr\/en\/wp-json\/wp\/v2\/types\/post"}],"author":[{"embeddable":true,"href":"https:\/\/jybe.fr\/en\/wp-json\/wp\/v2\/users\/1"}],"replies":[{"embeddable":true,"href":"https:\/\/jybe.fr\/en\/wp-json\/wp\/v2\/comments?post=1240"}],"version-history":[{"count":2,"href":"https:\/\/jybe.fr\/en\/wp-json\/wp\/v2\/posts\/1240\/revisions"}],"predecessor-version":[{"id":1437,"href":"https:\/\/jybe.fr\/en\/wp-json\/wp\/v2\/posts\/1240\/revisions\/1437"}],"wp:featuredmedia":[{"embeddable":true,"href":"https:\/\/jybe.fr\/en\/wp-json\/wp\/v2\/media\/1241"}],"wp:attachment":[{"href":"https:\/\/jybe.fr\/en\/wp-json\/wp\/v2\/media?parent=1240"}],"wp:term":[{"taxonomy":"category","embeddable":true,"href":"https:\/\/jybe.fr\/en\/wp-json\/wp\/v2\/categories?post=1240"},{"taxonomy":"post_tag","embeddable":true,"href":"https:\/\/jybe.fr\/en\/wp-json\/wp\/v2\/tags?post=1240"}],"curies":[{"name":"wp","href":"https:\/\/api.w.org\/{rel}","templated":true}]}}