{"id":1237,"date":"2022-01-07T22:36:35","date_gmt":"2022-01-07T22:36:35","guid":{"rendered":"https:\/\/jybe.fr\/?p=1237"},"modified":"2022-01-17T21:27:01","modified_gmt":"2022-01-17T21:27:01","slug":"gouverner-le-climat-20-ans-de-negociations-internationales","status":"publish","type":"post","link":"https:\/\/jybe.fr\/en\/gouverner-le-climat-20-ans-de-negociations-internationales\/","title":{"rendered":"Gouverner le climat ? &#8211; 20 ans de n\u00e9gociations internationales"},"content":{"rendered":"<h3 class=\"wp-block-heading\">Auteurs : Stefan Aykut &amp; Amy Dahan<\/h3>\n\n\n\n<p>Depuis vingt ans, le probl\u00e8me climatique s&#8217;est hiss\u00e9 au sommet de l&#8217;agenda mondial, et un processus multilat\u00e9ral s&#8217;est mis en place pour y r\u00e9pondre. Or, les concentrations de gaz \u00e0 effet de serre dans l&#8217;atmosph\u00e8re, responsables des d\u00e9r\u00e8glements climatiques, ont atteint un niveau record en 2013.<\/p>\n\n\n\n<p>Comment appr\u00e9cier le bilan de ces n\u00e9gociations ? Revenant sur le traitement politique du changement climatique, du protocole de Kyoto \u00e0 aujourd&#8217;hui, les auteurs proposent une analyse de ces enjeux et d&#8217;une gouvernance qui suscite autant d\u2019attentes qu\u2019elle cr\u00e9e de d\u00e9sillusions.<\/p>\n\n\n\n<p>Est-il possible de changer de paradigme, alors que le monde conna\u00eet des acc\u00e9l\u00e9rations majeures et se voit confront\u00e9 \u00e0 de multiples crises ? Dans quel cadre repenser le d\u00e9fi climatique pour y faire face et l\u2019inscrire dans le champ des futurs ?<\/p>\n\n\n\n<div style=\"height:25px\" aria-hidden=\"true\" class=\"wp-block-spacer\"><\/div>\n\n\n\n<div class=\"wp-block-buttons is-content-justification-center is-layout-flex wp-block-buttons-is-layout-flex\">\n<div class=\"wp-block-button is-style-outline is-style-outline--1\"><a class=\"wp-block-button__link\" href=\"https:\/\/www.awin1.com\/cread.php?awinmid=12665&amp;awinaffid=1001389&amp;ued=https%3A%2F%2Flivre.fnac.com%2Fa7772008%2FStefan-Aykut-Gouverner-le-climat-20-ans-de-negociations-international\" target=\"_blank\" rel=\"noreferrer noopener\">Me procurer cet ouvrage<\/a><\/div>\n<\/div>\n\n\n\n<div style=\"height:55px\" aria-hidden=\"true\" class=\"wp-block-spacer\"><\/div>\n\n\n\n<p><\/p>","protected":false},"excerpt":{"rendered":"<p>Auteurs : Stefan Aykut &amp; Amy Dahan Depuis vingt ans, le probl\u00e8me climatique s&#8217;est hiss\u00e9 au sommet de l&#8217;agenda mondial, et un processus multilat\u00e9ral s&#8217;est mis en place pour y r\u00e9pondre. Or, les concentrations de gaz \u00e0 effet de serre dans l&#8217;atmosph\u00e8re, responsables des d\u00e9r\u00e8glements climatiques, ont atteint un niveau record en 2013. Comment appr\u00e9cier [&hellip;]<\/p>","protected":false},"author":1,"featured_media":1238,"comment_status":"open","ping_status":"open","sticky":false,"template":"","format":"standard","meta":{"inline_featured_image":false,"footnotes":""},"categories":[70,68],"tags":[],"class_list":["post-1237","post","type-post","status-publish","format-standard","has-post-thumbnail","hentry","category-environnement","category-livres","blog-item","isotope-item"],"aioseo_notices":[],"_links":{"self":[{"href":"https:\/\/jybe.fr\/en\/wp-json\/wp\/v2\/posts\/1237","targetHints":{"allow":["GET"]}}],"collection":[{"href":"https:\/\/jybe.fr\/en\/wp-json\/wp\/v2\/posts"}],"about":[{"href":"https:\/\/jybe.fr\/en\/wp-json\/wp\/v2\/types\/post"}],"author":[{"embeddable":true,"href":"https:\/\/jybe.fr\/en\/wp-json\/wp\/v2\/users\/1"}],"replies":[{"embeddable":true,"href":"https:\/\/jybe.fr\/en\/wp-json\/wp\/v2\/comments?post=1237"}],"version-history":[{"count":2,"href":"https:\/\/jybe.fr\/en\/wp-json\/wp\/v2\/posts\/1237\/revisions"}],"predecessor-version":[{"id":1436,"href":"https:\/\/jybe.fr\/en\/wp-json\/wp\/v2\/posts\/1237\/revisions\/1436"}],"wp:featuredmedia":[{"embeddable":true,"href":"https:\/\/jybe.fr\/en\/wp-json\/wp\/v2\/media\/1238"}],"wp:attachment":[{"href":"https:\/\/jybe.fr\/en\/wp-json\/wp\/v2\/media?parent=1237"}],"wp:term":[{"taxonomy":"category","embeddable":true,"href":"https:\/\/jybe.fr\/en\/wp-json\/wp\/v2\/categories?post=1237"},{"taxonomy":"post_tag","embeddable":true,"href":"https:\/\/jybe.fr\/en\/wp-json\/wp\/v2\/tags?post=1237"}],"curies":[{"name":"wp","href":"https:\/\/api.w.org\/{rel}","templated":true}]}}