{"id":1217,"date":"2022-01-07T21:29:50","date_gmt":"2022-01-07T21:29:50","guid":{"rendered":"https:\/\/jybe.fr\/?p=1217"},"modified":"2022-01-17T21:24:09","modified_gmt":"2022-01-17T21:24:09","slug":"pour-vivre-heureux-vivons-egaux","status":"publish","type":"post","link":"https:\/\/jybe.fr\/en\/pour-vivre-heureux-vivons-egaux\/","title":{"rendered":"Pour vivre heureux, vivons \u00e9gaux !"},"content":{"rendered":"<h3 class=\"wp-block-heading\">Auteurs : Richard Wilkinson &amp; Kate Pickett<\/h3>\n\n\n\n<p class=\"has-drop-cap\">Pourquoi nos soci\u00e9t\u00e9s d\u00e9velopp\u00e9es engendrent-elles autant de mal-\u00eatre ? Mal-\u00eatre personnel, mais aussi collectif. Et si l&#8217;augmentation des richesses n&#8217;\u00e9tait pas le gage d&#8217;une prosp\u00e9rit\u00e9 sociale et individuelle ? Kate Pickett et Richard Wilkinson, sp\u00e9cialistes mondialement reconnus, proposent une th\u00e8se r\u00e9volutionnaire sur les rapports existants entre in\u00e9galit\u00e9 et bien-\u00eatre.<\/p>\n\n\n\n<p>Les auteurs pr\u00e9sentent en effet des preuves accablantes que les in\u00e9galit\u00e9s mat\u00e9rielles ont des effets psychologiques puissants : quand l&#8217;\u00e9cart entre les riches et les pauvres s&#8217;accro\u00eet, nous avons bien plus tendance \u00e0 nous d\u00e9finir et nous \u00e9valuer en termes de sup\u00e9riorit\u00e9 et d&#8217;inf\u00e9riorit\u00e9. Et c&#8217;est en analysant \u00e0 la fois l&#8217;\u00e9pid\u00e9mie d&#8217;anxi\u00e9t\u00e9 actuelle, les comportements de classes, les st\u00e9r\u00e9otypes sociaux, les rapports de domination ou les logiques consum\u00e9ristes, qu&#8217;ils \u00e9rigent une th\u00e8se d&#8217;une rare pertinence.<br>Ainsi, ils d\u00e9montrent qu&#8217;un statut social bas entra\u00eene des niveaux plus \u00e9lev\u00e9s de stress. Ou bien que les taux d&#8217;anxi\u00e9t\u00e9 et de d\u00e9pression sont \u00e9troitement li\u00e9s aux in\u00e9galit\u00e9s. Ils contestent surtout ardemment la croyance selon laquelle les humains sont naturellement comp\u00e9titifs et \u00e9go\u00efstes tet celle qui voit dans les in\u00e9galit\u00e9s le r\u00e9sultat de diff\u00e9rences \u00ab naturelles \u00bb de capacit\u00e9s individuelles.<br>Ils proposent enfin de nombreuses pistes pour construire ensemble les fondations d&#8217;un monde plus \u00e9galitaire&#8230; et donc plus heureux.<\/p>\n\n\n\n<p>Wilkinson et Pickett d\u00e9crivent aussi comment ces effets de la hi\u00e9rarchisation de nos soci\u00e9t\u00e9s ont \u00e9volu\u00e9, et pourquoi les in\u00e9galit\u00e9s nous touchent aussi profond\u00e9ment. Ce faisant, ils contestent l&#8217;id\u00e9e que les humains soient naturellement \u00e9go\u00efstes et en comp\u00e9tition. Ils remettent aussi en cause l&#8217;id\u00e9e selon laquelle les in\u00e9galit\u00e9s seraient le produit de diff\u00e9rences \u00ab naturelles \u00bb de capacit\u00e9. Le livre met en lumi\u00e8re nombre des probl\u00e8mes parmi les plus urgents auxquelles notre soci\u00e9t\u00e9 fait face aujourd&#8217;hui, mais ne se contente pas de les recenser. Il d\u00e9montre que des soci\u00e9t\u00e9s fond\u00e9es sur l&#8217;\u00e9galit\u00e9, le partage et la r\u00e9ciprocit\u00e9 engendrent des niveaux de bien-\u00eatre bien plus \u00e9lev\u00e9s et nous montre le chemin qui y m\u00e8ne.<\/p>\n\n\n\n<div style=\"height:25px\" aria-hidden=\"true\" class=\"wp-block-spacer\"><\/div>\n\n\n\n<div class=\"wp-block-buttons is-content-justification-center is-layout-flex wp-block-buttons-is-layout-flex\">\n<div class=\"wp-block-button is-style-outline is-style-outline--1\"><a class=\"wp-block-button__link\" href=\"https:\/\/www.awin1.com\/cread.php?awinmid=12665&amp;awinaffid=1001389&amp;ued=https%3A%2F%2Flivre.fnac.com%2Fa13994749%2FRichard-Wilkinson-Pour-vivre-heureux-vivons-egaux\" target=\"_blank\" rel=\"noreferrer noopener\">Me procurer cet ouvrage<\/a><\/div>\n<\/div>\n\n\n\n<div style=\"height:55px\" aria-hidden=\"true\" class=\"wp-block-spacer\"><\/div>\n\n\n\n<p><\/p>","protected":false},"excerpt":{"rendered":"<p>Auteurs : Richard Wilkinson &amp; Kate Pickett Pourquoi nos soci\u00e9t\u00e9s d\u00e9velopp\u00e9es engendrent-elles autant de mal-\u00eatre ? Mal-\u00eatre personnel, mais aussi collectif. Et si l&#8217;augmentation des richesses n&#8217;\u00e9tait pas le gage d&#8217;une prosp\u00e9rit\u00e9 sociale et individuelle ? Kate Pickett et Richard Wilkinson, sp\u00e9cialistes mondialement reconnus, proposent une th\u00e8se r\u00e9volutionnaire sur les rapports existants entre in\u00e9galit\u00e9 et [&hellip;]<\/p>","protected":false},"author":1,"featured_media":1218,"comment_status":"open","ping_status":"open","sticky":false,"template":"","format":"standard","meta":{"inline_featured_image":false,"footnotes":""},"categories":[68,73],"tags":[],"class_list":["post-1217","post","type-post","status-publish","format-standard","has-post-thumbnail","hentry","category-livres","category-societe-livres","blog-item","isotope-item"],"aioseo_notices":[],"_links":{"self":[{"href":"https:\/\/jybe.fr\/en\/wp-json\/wp\/v2\/posts\/1217","targetHints":{"allow":["GET"]}}],"collection":[{"href":"https:\/\/jybe.fr\/en\/wp-json\/wp\/v2\/posts"}],"about":[{"href":"https:\/\/jybe.fr\/en\/wp-json\/wp\/v2\/types\/post"}],"author":[{"embeddable":true,"href":"https:\/\/jybe.fr\/en\/wp-json\/wp\/v2\/users\/1"}],"replies":[{"embeddable":true,"href":"https:\/\/jybe.fr\/en\/wp-json\/wp\/v2\/comments?post=1217"}],"version-history":[{"count":2,"href":"https:\/\/jybe.fr\/en\/wp-json\/wp\/v2\/posts\/1217\/revisions"}],"predecessor-version":[{"id":1431,"href":"https:\/\/jybe.fr\/en\/wp-json\/wp\/v2\/posts\/1217\/revisions\/1431"}],"wp:featuredmedia":[{"embeddable":true,"href":"https:\/\/jybe.fr\/en\/wp-json\/wp\/v2\/media\/1218"}],"wp:attachment":[{"href":"https:\/\/jybe.fr\/en\/wp-json\/wp\/v2\/media?parent=1217"}],"wp:term":[{"taxonomy":"category","embeddable":true,"href":"https:\/\/jybe.fr\/en\/wp-json\/wp\/v2\/categories?post=1217"},{"taxonomy":"post_tag","embeddable":true,"href":"https:\/\/jybe.fr\/en\/wp-json\/wp\/v2\/tags?post=1217"}],"curies":[{"name":"wp","href":"https:\/\/api.w.org\/{rel}","templated":true}]}}