{"id":1213,"date":"2022-01-07T21:26:53","date_gmt":"2022-01-07T21:26:53","guid":{"rendered":"https:\/\/jybe.fr\/?p=1213"},"modified":"2022-01-17T21:23:40","modified_gmt":"2022-01-17T21:23:40","slug":"adieu-a-la-croissance-3ed-bien-vivre-dans-un-monde-solidaire","status":"publish","type":"post","link":"https:\/\/jybe.fr\/en\/adieu-a-la-croissance-3ed-bien-vivre-dans-un-monde-solidaire\/","title":{"rendered":"Adieu \u00e0 la croissance 3ed &#8211; Bien vivre dans un monde solidaire"},"content":{"rendered":"<h3 class=\"wp-block-heading\">Auteur : Jean Gadrey<\/h3>\n\n\n\n<p class=\"has-drop-cap\">La croissance : un rem\u00e8de \u00e0 tous les maux ! Tel est le discours martel\u00e9 par nos dirigeants depuis des d\u00e9cennies, qu&#8217;il s&#8217;agisse de r\u00e9duire le ch\u00f4mage, de r\u00e9gler le probl\u00e8me des retraites, de r\u00e9sorber les in\u00e9galit\u00e9s ou de surmonter la crise \u00e9cologique.<br>Et si la croissance n&#8217;\u00e9tait pas la solution, mais le probl\u00e8me ? Elle est d\u00e9sormais un facteur de crise, une menace pour la plan\u00e8te et un obstacle au progr\u00e8s.<\/p>\n\n\n\n<p>Faut-il pour autant nous r\u00e9soudre \u00e0 une aust\u00e9rit\u00e9 punitive ? Certes non, affirme Jean Gadrey, qui pr\u00f4ne une soci\u00e9t\u00e9 privil\u00e9giant le &#8221; mieux-\u00eatre &#8221; et non le &#8221; plus-avoir &#8220;. Une soci\u00e9t\u00e9 qui doit, et peut, viser le plein-emploi ainsi qu&#8217;un haut niveau de protection sociale pour tous.<\/p>\n\n\n\n<p>C&#8217;est le chemin d&#8217;une autre prosp\u00e9rit\u00e9 qui est ici propos\u00e9, plus juste, moins violente et donc r\u00e9ellement durable<\/p>\n\n\n\n<div style=\"height:25px\" aria-hidden=\"true\" class=\"wp-block-spacer\"><\/div>\n\n\n\n<div class=\"wp-block-buttons is-content-justification-center is-layout-flex wp-block-buttons-is-layout-flex\">\n<div class=\"wp-block-button is-style-outline is-style-outline--1\"><a class=\"wp-block-button__link\" href=\"https:\/\/www.awin1.com\/cread.php?awinmid=12665&amp;awinaffid=1001389&amp;ued=https%3A%2F%2Flivre.fnac.com%2Fa7781268%2FJean-Gadrey-Adieu-a-la-croissance-3ed-Bien-vivre-dans-un-monde-solidaire\" target=\"_blank\" rel=\"noreferrer noopener\">Me procurer cet ouvrage<\/a><\/div>\n<\/div>\n\n\n\n<div style=\"height:55px\" aria-hidden=\"true\" class=\"wp-block-spacer\"><\/div>\n\n\n\n<p><\/p>","protected":false},"excerpt":{"rendered":"<p>Auteur : Jean Gadrey La croissance : un rem\u00e8de \u00e0 tous les maux ! Tel est le discours martel\u00e9 par nos dirigeants depuis des d\u00e9cennies, qu&#8217;il s&#8217;agisse de r\u00e9duire le ch\u00f4mage, de r\u00e9gler le probl\u00e8me des retraites, de r\u00e9sorber les in\u00e9galit\u00e9s ou de surmonter la crise \u00e9cologique.Et si la croissance n&#8217;\u00e9tait pas la solution, mais [&hellip;]<\/p>","protected":false},"author":1,"featured_media":1214,"comment_status":"open","ping_status":"open","sticky":false,"template":"","format":"standard","meta":{"inline_featured_image":false,"footnotes":""},"categories":[68,73],"tags":[],"class_list":["post-1213","post","type-post","status-publish","format-standard","has-post-thumbnail","hentry","category-livres","category-societe-livres","blog-item","isotope-item"],"aioseo_notices":[],"_links":{"self":[{"href":"https:\/\/jybe.fr\/en\/wp-json\/wp\/v2\/posts\/1213","targetHints":{"allow":["GET"]}}],"collection":[{"href":"https:\/\/jybe.fr\/en\/wp-json\/wp\/v2\/posts"}],"about":[{"href":"https:\/\/jybe.fr\/en\/wp-json\/wp\/v2\/types\/post"}],"author":[{"embeddable":true,"href":"https:\/\/jybe.fr\/en\/wp-json\/wp\/v2\/users\/1"}],"replies":[{"embeddable":true,"href":"https:\/\/jybe.fr\/en\/wp-json\/wp\/v2\/comments?post=1213"}],"version-history":[{"count":2,"href":"https:\/\/jybe.fr\/en\/wp-json\/wp\/v2\/posts\/1213\/revisions"}],"predecessor-version":[{"id":1430,"href":"https:\/\/jybe.fr\/en\/wp-json\/wp\/v2\/posts\/1213\/revisions\/1430"}],"wp:featuredmedia":[{"embeddable":true,"href":"https:\/\/jybe.fr\/en\/wp-json\/wp\/v2\/media\/1214"}],"wp:attachment":[{"href":"https:\/\/jybe.fr\/en\/wp-json\/wp\/v2\/media?parent=1213"}],"wp:term":[{"taxonomy":"category","embeddable":true,"href":"https:\/\/jybe.fr\/en\/wp-json\/wp\/v2\/categories?post=1213"},{"taxonomy":"post_tag","embeddable":true,"href":"https:\/\/jybe.fr\/en\/wp-json\/wp\/v2\/tags?post=1213"}],"curies":[{"name":"wp","href":"https:\/\/api.w.org\/{rel}","templated":true}]}}