{"id":1210,"date":"2022-01-07T21:23:48","date_gmt":"2022-01-07T21:23:48","guid":{"rendered":"https:\/\/jybe.fr\/?p=1210"},"modified":"2022-01-17T21:23:13","modified_gmt":"2022-01-17T21:23:13","slug":"lequilibre-est-un-courage-reparer-la-france","status":"publish","type":"post","link":"https:\/\/jybe.fr\/en\/lequilibre-est-un-courage-reparer-la-france\/","title":{"rendered":"L&#8217;\u00e9quilibre est un courage &#8211; R\u00e9parer la France"},"content":{"rendered":"<h3 class=\"wp-block-heading\">Auteur : G\u00e9n\u00e9ral d&#8217;Arm\u00e9e Pierre de Villiers<\/h3>\n\n\n\n<p class=\"has-drop-cap\">\u00ab&nbsp; \u00c0 la fin d\u2019une conf\u00e9rence, une femme d\u2019une cinquantaine d\u2019ann\u00e9es se pr\u00e9sente devant moi, visiblement \u00e9mue, et me dit qu\u2019elle a peur. \u201cPeur pour samedi prochain.\u201d Son mari, Gilet jaune convaincu, pr\u00e9voit d\u2019aller manifester \u00e0 Paris. Or l&#8217;unit\u00e9 de CRS \u00e0 laquelle appartient son fils a \u00e9t\u00e9 d\u00e9sign\u00e9e pour y assurer le maintien de l\u2019ordre. Ne vont-ils pas se retrouver face \u00e0 face&nbsp; ? Cette pens\u00e9e la hante, comment ne pas la comprendre&nbsp; ? \u00c0 cet instant, j\u2019ai ressenti le d\u00e9chirement qui s\u2019op\u00e8re dans notre nation, l\u2019imp\u00e9rieuse n\u00e9cessit\u00e9 d\u2019une v\u00e9ritable r\u00e9conciliation nationale.&nbsp; \u00bb<\/p>\n\n\n\n<p>Apr\u00e8s ses deux premiers livres,&nbsp;&nbsp;<em>Servir<\/em>&nbsp; and&nbsp;&nbsp;<em>Qu\u2019est-ce qu\u2019un chef&nbsp; ?<\/em>, le g\u00e9n\u00e9ral Pierre de Villiers a pris le temps d\u2019une plong\u00e9e passionnante dans la France, celle des Gilets jaunes, des habitants des villes et des banlieues. Il y a vu une nation profond\u00e9ment divis\u00e9e et menac\u00e9e par ses tensions internes, mais aussi par les ruptures d\u2019un monde instable et dangereux. Il y a rencontr\u00e9 des femmes et des hommes entre angoisse et envie de s\u2019en sortir. L\u2019union nationale ne va plus de soi. Les Fran\u00e7ais ressentent \u00e0 l\u2019unisson qu\u2019ils sont \u00e0 un point de bascule, et que vient le moment du courage, d\u2019un \u00e9quilibre entre ceux qui exercent l\u2019autorit\u00e9 et ceux qui doivent la respecter, entre humanit\u00e9 et fermet\u00e9, entre droits et devoirs.&nbsp; C\u2019est ainsi que nous pourrons nous r\u00e9concilier, au-del\u00e0 de nos diff\u00e9rences, sur le chemin de l\u2019unit\u00e9 et de l\u2019esp\u00e9rance. Il y a urgence.<\/p>\n\n\n\n<div style=\"height:25px\" aria-hidden=\"true\" class=\"wp-block-spacer\"><\/div>\n\n\n\n<div class=\"wp-block-buttons is-content-justification-center is-layout-flex wp-block-buttons-is-layout-flex\">\n<div class=\"wp-block-button is-style-outline is-style-outline--1\"><a class=\"wp-block-button__link\" href=\"https:\/\/www.awin1.com\/cread.php?awinmid=12665&amp;awinaffid=1001389&amp;ued=https%3A%2F%2Flivre.fnac.com%2Fa15095352%2FPierre-de-Villiers-L-equilibre-est-un-courage\" target=\"_blank\" rel=\"noreferrer noopener\">Me procurer cet ouvrage<\/a><\/div>\n<\/div>\n\n\n\n<div style=\"height:55px\" aria-hidden=\"true\" class=\"wp-block-spacer\"><\/div>\n\n\n\n<p><\/p>","protected":false},"excerpt":{"rendered":"<p>Auteur : G\u00e9n\u00e9ral d&#8217;Arm\u00e9e Pierre de Villiers \u00ab&nbsp; \u00c0 la fin d\u2019une conf\u00e9rence, une femme d\u2019une cinquantaine d\u2019ann\u00e9es se pr\u00e9sente devant moi, visiblement \u00e9mue, et me dit qu\u2019elle a peur. \u201cPeur pour samedi prochain.\u201d Son mari, Gilet jaune convaincu, pr\u00e9voit d\u2019aller manifester \u00e0 Paris. Or l&#8217;unit\u00e9 de CRS \u00e0 laquelle appartient son fils a \u00e9t\u00e9 [&hellip;]<\/p>","protected":false},"author":1,"featured_media":1211,"comment_status":"open","ping_status":"open","sticky":false,"template":"","format":"standard","meta":{"inline_featured_image":false,"footnotes":""},"categories":[68,73],"tags":[],"class_list":["post-1210","post","type-post","status-publish","format-standard","has-post-thumbnail","hentry","category-livres","category-societe-livres","blog-item","isotope-item"],"aioseo_notices":[],"_links":{"self":[{"href":"https:\/\/jybe.fr\/en\/wp-json\/wp\/v2\/posts\/1210","targetHints":{"allow":["GET"]}}],"collection":[{"href":"https:\/\/jybe.fr\/en\/wp-json\/wp\/v2\/posts"}],"about":[{"href":"https:\/\/jybe.fr\/en\/wp-json\/wp\/v2\/types\/post"}],"author":[{"embeddable":true,"href":"https:\/\/jybe.fr\/en\/wp-json\/wp\/v2\/users\/1"}],"replies":[{"embeddable":true,"href":"https:\/\/jybe.fr\/en\/wp-json\/wp\/v2\/comments?post=1210"}],"version-history":[{"count":2,"href":"https:\/\/jybe.fr\/en\/wp-json\/wp\/v2\/posts\/1210\/revisions"}],"predecessor-version":[{"id":1429,"href":"https:\/\/jybe.fr\/en\/wp-json\/wp\/v2\/posts\/1210\/revisions\/1429"}],"wp:featuredmedia":[{"embeddable":true,"href":"https:\/\/jybe.fr\/en\/wp-json\/wp\/v2\/media\/1211"}],"wp:attachment":[{"href":"https:\/\/jybe.fr\/en\/wp-json\/wp\/v2\/media?parent=1210"}],"wp:term":[{"taxonomy":"category","embeddable":true,"href":"https:\/\/jybe.fr\/en\/wp-json\/wp\/v2\/categories?post=1210"},{"taxonomy":"post_tag","embeddable":true,"href":"https:\/\/jybe.fr\/en\/wp-json\/wp\/v2\/tags?post=1210"}],"curies":[{"name":"wp","href":"https:\/\/api.w.org\/{rel}","templated":true}]}}