{"id":1097,"date":"2022-01-05T19:42:35","date_gmt":"2022-01-05T19:42:35","guid":{"rendered":"https:\/\/jybe.fr\/?p=1097"},"modified":"2022-01-17T18:02:55","modified_gmt":"2022-01-17T18:02:55","slug":"lettres-a-lucilius","status":"publish","type":"post","link":"https:\/\/jybe.fr\/en\/lettres-a-lucilius\/","title":{"rendered":"Lettres \u00e0 Lucilius"},"content":{"rendered":"<h3 class=\"wp-block-heading\">Auteur : S\u00e9n\u00e8que<\/h3>\n\n\n\n<div style=\"height:60px\" aria-hidden=\"true\" class=\"wp-block-spacer\"><\/div>\n\n\n\n<p class=\"has-drop-cap\">S\u00e9n\u00e8que, philosophe latin n\u00e9 \u00e0 Cordoue, a v\u00e9cu entre le Ier si\u00e8cle avant et le Ier si\u00e8cle apr\u00e8s J\u00e9sus-Christ. Il suit des \u00e9tudes de r\u00e9thorique et de philosophie \u00e0 Rome mais est contraint \u00e0 l&#8217;exil en 41 avant J.-C. \u00c0 son retour \u00e0 Rome, il devient le pr\u00e9cepteur du jeune N\u00e9ron et compose une satire excessivement mordante de sa soci\u00e9t\u00e9. Dans ces lettres, il s&#8217;adresse \u00e0 son vieil ami Lucilius. D&#8217;origine modeste, Lucilius parvient, \u00e0 force de m\u00e9rites, au rang de chevalier, puis de procurateur de Sicile, au moment de sa correspondance avec S\u00e9n\u00e8que. Quoiqu&#8217;amis de longue date, Lucilius est plus jeune que S\u00e9n\u00e8que, il est donc tout \u00e0 sa place dans son r\u00f4le de disciple. C&#8217;est durant les quelques mois pr\u00e9c\u00e9dant son suicide que S\u00e9n\u00e8que r\u00e9dige cette correspondance sous la forme d&#8217;un recueil d&#8217;\u00e9crits moraux.<\/p>\n\n\n\n<div style=\"height:25px\" aria-hidden=\"true\" class=\"wp-block-spacer\"><\/div>\n\n\n\n<div class=\"wp-block-buttons is-content-justification-center is-layout-flex wp-block-buttons-is-layout-flex\">\n<div class=\"wp-block-button is-style-outline is-style-outline--1\"><a class=\"wp-block-button__link\" href=\"https:\/\/www.awin1.com\/cread.php?awinmid=12665&amp;awinaffid=1001389&amp;ued=https%3A%2F%2Flivre.fnac.com%2Fa10307246%2FSeneque-Lettres-a-Lucilius-1-a-29\" target=\"_blank\" rel=\"noreferrer noopener\">Me procurer cet ouvrage<\/a><\/div>\n<\/div>\n\n\n\n<div style=\"height:55px\" aria-hidden=\"true\" class=\"wp-block-spacer\"><\/div>\n\n\n\n<p><\/p>","protected":false},"excerpt":{"rendered":"<p>Auteur : S\u00e9n\u00e8que S\u00e9n\u00e8que, philosophe latin n\u00e9 \u00e0 Cordoue, a v\u00e9cu entre le Ier si\u00e8cle avant et le Ier si\u00e8cle apr\u00e8s J\u00e9sus-Christ. Il suit des \u00e9tudes de r\u00e9thorique et de philosophie \u00e0 Rome mais est contraint \u00e0 l&#8217;exil en 41 avant J.-C. \u00c0 son retour \u00e0 Rome, il devient le pr\u00e9cepteur du jeune N\u00e9ron et [&hellip;]<\/p>","protected":false},"author":1,"featured_media":1098,"comment_status":"open","ping_status":"open","sticky":false,"template":"","format":"standard","meta":{"inline_featured_image":false,"footnotes":""},"categories":[72,68],"tags":[],"class_list":["post-1097","post","type-post","status-publish","format-standard","has-post-thumbnail","hentry","category-essais-philosophiques","category-livres","blog-item","isotope-item"],"aioseo_notices":[],"_links":{"self":[{"href":"https:\/\/jybe.fr\/en\/wp-json\/wp\/v2\/posts\/1097","targetHints":{"allow":["GET"]}}],"collection":[{"href":"https:\/\/jybe.fr\/en\/wp-json\/wp\/v2\/posts"}],"about":[{"href":"https:\/\/jybe.fr\/en\/wp-json\/wp\/v2\/types\/post"}],"author":[{"embeddable":true,"href":"https:\/\/jybe.fr\/en\/wp-json\/wp\/v2\/users\/1"}],"replies":[{"embeddable":true,"href":"https:\/\/jybe.fr\/en\/wp-json\/wp\/v2\/comments?post=1097"}],"version-history":[{"count":2,"href":"https:\/\/jybe.fr\/en\/wp-json\/wp\/v2\/posts\/1097\/revisions"}],"predecessor-version":[{"id":1401,"href":"https:\/\/jybe.fr\/en\/wp-json\/wp\/v2\/posts\/1097\/revisions\/1401"}],"wp:featuredmedia":[{"embeddable":true,"href":"https:\/\/jybe.fr\/en\/wp-json\/wp\/v2\/media\/1098"}],"wp:attachment":[{"href":"https:\/\/jybe.fr\/en\/wp-json\/wp\/v2\/media?parent=1097"}],"wp:term":[{"taxonomy":"category","embeddable":true,"href":"https:\/\/jybe.fr\/en\/wp-json\/wp\/v2\/categories?post=1097"},{"taxonomy":"post_tag","embeddable":true,"href":"https:\/\/jybe.fr\/en\/wp-json\/wp\/v2\/tags?post=1097"}],"curies":[{"name":"wp","href":"https:\/\/api.w.org\/{rel}","templated":true}]}}